{"id":9693,"date":"2020-12-30T14:16:05","date_gmt":"2020-12-30T13:16:05","guid":{"rendered":"https:\/\/salalieber.com\/?p=9693"},"modified":"2026-05-24T15:12:42","modified_gmt":"2026-05-24T13:12:42","slug":"onthesunnyside","status":"publish","type":"post","link":"https:\/\/salalieber.com\/en\/onthesunnyside\/","title":{"rendered":"Solo exhibition \u201cON THE SUNNY SIDE OF THE STREET\u201d from January 30, 2021"},"content":{"rendered":"<p class=\"wp-block-paragraph\">&nbsp;<\/p>\r\n<p>Due to the Corona regulations, the exhibition will have an online opening.<\/p>\r\n<p class=\"translation-block\"><br>From January 30th, you can view videos, photos, and artist talks, including a price list, on the gallery's website <a href=\"http:\/\/part2gallery.de\" target=\"_blank\" rel=\"noopener\"><strong>part2gallery.de<\/strong><\/a>. The artworks are on display in the gallery and can be viewed from outside through a shop window.<\/p>\r\n<p>&nbsp;<\/p>\r\n\r\n\r\n\r\n<p class=\"wp-block-paragraph\"><strong>Part2Gallery<br \/>Altestadt 13<br \/><\/strong> <b><span class=\"desktop-title-subcontent\">40213 D\u00fcsseldorf<\/span><br \/><\/b><b><span class=\"desktop-title-subcontent\">Tel.: 0211 36796824<br \/>E-Mail: <\/span><\/b><span class=\"desktop-title-subcontent\"><a href=\"mailto:info@part2gallery.de\">info@part2gallery.de<\/a><\/span><b><\/b><\/p>\r\n<div class=\"translation-block\"><strong>Opening hours (when the lockdown is over):<\/strong><b><br><\/b><b>Thurs, Fri, Sat from 12:00 to 18:00<\/b><b><br><\/b><b>Sundays by appointment<\/b><\/div>\r\n<div>\u00a0<\/div>\r\n<div><a href=\"https:\/\/salalieber.com\/wp-content\/uploads\/2020\/12\/SALA_LIEBER_ON_THE_SUNNY_SIDE_CARD1.png\"><img loading=\"lazy\" decoding=\"async\" class=\"alignnone wp-image-9697 size-full\" src=\"https:\/\/salalieber.com\/wp-content\/uploads\/2020\/12\/SALA_LIEBER_ON_THE_SUNNY_SIDE_CARD1.png\" alt=\"\" width=\"1200\" height=\"652\" srcset=\"https:\/\/salalieber.com\/wp-content\/uploads\/2020\/12\/SALA_LIEBER_ON_THE_SUNNY_SIDE_CARD1.png 1200w, https:\/\/salalieber.com\/wp-content\/uploads\/2020\/12\/SALA_LIEBER_ON_THE_SUNNY_SIDE_CARD1-400x217.png 400w, https:\/\/salalieber.com\/wp-content\/uploads\/2020\/12\/SALA_LIEBER_ON_THE_SUNNY_SIDE_CARD1-600x326.png 600w, https:\/\/salalieber.com\/wp-content\/uploads\/2020\/12\/SALA_LIEBER_ON_THE_SUNNY_SIDE_CARD1-300x163.png 300w, https:\/\/salalieber.com\/wp-content\/uploads\/2020\/12\/SALA_LIEBER_ON_THE_SUNNY_SIDE_CARD1-1024x556.png 1024w, https:\/\/salalieber.com\/wp-content\/uploads\/2020\/12\/SALA_LIEBER_ON_THE_SUNNY_SIDE_CARD1-768x417.png 768w\" sizes=\"auto, (max-width: 1200px) 100vw, 1200px\" \/><\/a><\/div>\r\n<div><a href=\"https:\/\/salalieber.com\/wp-content\/uploads\/2020\/12\/SALA_LIEBER_ON_THE_SUNNY_SIDE_CARD2.png\"><img loading=\"lazy\" decoding=\"async\" class=\"alignnone wp-image-9700 size-full\" src=\"https:\/\/salalieber.com\/wp-content\/uploads\/2020\/12\/SALA_LIEBER_ON_THE_SUNNY_SIDE_CARD2.png\" alt=\"\" width=\"1200\" height=\"638\" srcset=\"https:\/\/salalieber.com\/wp-content\/uploads\/2020\/12\/SALA_LIEBER_ON_THE_SUNNY_SIDE_CARD2.png 1200w, https:\/\/salalieber.com\/wp-content\/uploads\/2020\/12\/SALA_LIEBER_ON_THE_SUNNY_SIDE_CARD2-400x213.png 400w, https:\/\/salalieber.com\/wp-content\/uploads\/2020\/12\/SALA_LIEBER_ON_THE_SUNNY_SIDE_CARD2-600x319.png 600w, https:\/\/salalieber.com\/wp-content\/uploads\/2020\/12\/SALA_LIEBER_ON_THE_SUNNY_SIDE_CARD2-300x160.png 300w, https:\/\/salalieber.com\/wp-content\/uploads\/2020\/12\/SALA_LIEBER_ON_THE_SUNNY_SIDE_CARD2-1024x544.png 1024w, https:\/\/salalieber.com\/wp-content\/uploads\/2020\/12\/SALA_LIEBER_ON_THE_SUNNY_SIDE_CARD2-768x408.png 768w\" sizes=\"auto, (max-width: 1200px) 100vw, 1200px\" \/><\/a><\/div>","protected":false},"excerpt":{"rendered":"<p>&nbsp; Aufgrund der Coronaregeln wird es eine Online-Er\u00f6ffnung der Ausstellung geben. Ab dem 30. Januar sehen Sie Videos, Fotos und K\u00fcnstlergespr\u00e4che, inkl. Preisliste auf der Webseite der Galerie part2gallery.de. Die Werke h\u00e4ngen in der Galerie und man kann sie von drau\u00dfen durch ein Schaufenster sehen. &nbsp; Part2GalleryAltestadt 13 40213 D\u00fcsseldorfTel.: 0211 36796824E-Mail: info@part2gallery.de \u00d6ffnungszeiten (wenn der Lockdown vorr\u00fcber ist): Do, Fr, Sa von 12.00 bis 18.00 Uhr Sonntags nach Vereinbarung \u00a0<\/p>","protected":false},"author":3,"featured_media":9702,"comment_status":"closed","ping_status":"open","sticky":false,"template":"","format":"standard","meta":{"footnotes":""},"categories":[255],"tags":[],"class_list":["post-9693","post","type-post","status-publish","format-standard","has-post-thumbnail","hentry","category-ausstellungen"],"_links":{"self":[{"href":"https:\/\/salalieber.com\/en\/wp-json\/wp\/v2\/posts\/9693","targetHints":{"allow":["GET"]}}],"collection":[{"href":"https:\/\/salalieber.com\/en\/wp-json\/wp\/v2\/posts"}],"about":[{"href":"https:\/\/salalieber.com\/en\/wp-json\/wp\/v2\/types\/post"}],"author":[{"embeddable":true,"href":"https:\/\/salalieber.com\/en\/wp-json\/wp\/v2\/users\/3"}],"replies":[{"embeddable":true,"href":"https:\/\/salalieber.com\/en\/wp-json\/wp\/v2\/comments?post=9693"}],"version-history":[{"count":9,"href":"https:\/\/salalieber.com\/en\/wp-json\/wp\/v2\/posts\/9693\/revisions"}],"predecessor-version":[{"id":9720,"href":"https:\/\/salalieber.com\/en\/wp-json\/wp\/v2\/posts\/9693\/revisions\/9720"}],"wp:featuredmedia":[{"embeddable":true,"href":"https:\/\/salalieber.com\/en\/wp-json\/wp\/v2\/media\/9702"}],"wp:attachment":[{"href":"https:\/\/salalieber.com\/en\/wp-json\/wp\/v2\/media?parent=9693"}],"wp:term":[{"taxonomy":"category","embeddable":true,"href":"https:\/\/salalieber.com\/en\/wp-json\/wp\/v2\/categories?post=9693"},{"taxonomy":"post_tag","embeddable":true,"href":"https:\/\/salalieber.com\/en\/wp-json\/wp\/v2\/tags?post=9693"}],"curies":[{"name":"wp","href":"https:\/\/api.w.org\/{rel}","templated":true}]}}