{"id":9032,"date":"2018-03-13T12:31:21","date_gmt":"2018-03-13T11:31:21","guid":{"rendered":"http:\/\/salalieber.com\/?p=9032"},"modified":"2025-12-03T13:58:13","modified_gmt":"2025-12-03T12:58:13","slug":"gruppenausstellung-auf-dem-museumsberg-flensburg","status":"publish","type":"post","link":"https:\/\/salalieber.com\/en\/gruppenausstellung-auf-dem-museumsberg-flensburg\/","title":{"rendered":"Group exhibition at the Museumsberg Flensburg"},"content":{"rendered":"<p>In Gegen\u00fcberstellung mit alten Meistern pr\u00e4sentieren Sala Lieber und weitere K\u00fcnstler ab Juli ihre Werke auf dem Museumsberg Flensburg. Die Ausstellungser\u00f6ffnung findet am 01.07.2018 statt.<\/p>\n<p><a href=\"https:\/\/www.museumsberg-flensburg.de\/\" target=\"_blank\" rel=\"noopener\">https:\/\/www.museumsberg-flensburg.de\/<\/a><\/p>\n<p><a href=\"https:\/\/salalieber.zplusm-staging.de\/wp-content\/uploads\/2018\/03\/Bildschirmfoto-2018-04-02-um-16.25.24.png\" target=\"_blank\" rel=\"noopener\"><img loading=\"lazy\" decoding=\"async\" class=\"alignnone wp-image-9043\" src=\"https:\/\/salalieber.zplusm-staging.de\/wp-content\/uploads\/2018\/03\/Bildschirmfoto-2018-04-02-um-16.25.24-300x196.png\" alt=\"\" width=\"916\" height=\"600\" srcset=\"https:\/\/salalieber.com\/wp-content\/uploads\/2018\/03\/Bildschirmfoto-2018-04-02-um-16.25.24-300x196.png 300w, https:\/\/salalieber.com\/wp-content\/uploads\/2018\/03\/Bildschirmfoto-2018-04-02-um-16.25.24-600x393.png 600w, https:\/\/salalieber.com\/wp-content\/uploads\/2018\/03\/Bildschirmfoto-2018-04-02-um-16.25.24-768x503.png 768w, https:\/\/salalieber.com\/wp-content\/uploads\/2018\/03\/Bildschirmfoto-2018-04-02-um-16.25.24.png 924w\" sizes=\"auto, (max-width: 916px) 100vw, 916px\" \/><\/a><\/p>\n<p>&nbsp;<\/p>\n<p><a href=\"https:\/\/salalieber.zplusm-staging.de\/wp-content\/uploads\/2018\/05\/Screen-Shot-2018-05-30-at-12.13.08.jpg\" target=\"_blank\" rel=\"noopener\"><img loading=\"lazy\" decoding=\"async\" class=\"wp-image-9067 size-full aligncenter\" src=\"https:\/\/salalieber.zplusm-staging.de\/wp-content\/uploads\/2018\/05\/Screen-Shot-2018-05-30-at-12.13.08.jpg\" alt=\"\" width=\"520\" height=\"1096\" srcset=\"https:\/\/salalieber.com\/wp-content\/uploads\/2018\/05\/Screen-Shot-2018-05-30-at-12.13.08.jpg 520w, https:\/\/salalieber.com\/wp-content\/uploads\/2018\/05\/Screen-Shot-2018-05-30-at-12.13.08-142x300.jpg 142w, https:\/\/salalieber.com\/wp-content\/uploads\/2018\/05\/Screen-Shot-2018-05-30-at-12.13.08-486x1024.jpg 486w\" sizes=\"auto, (max-width: 520px) 100vw, 520px\" \/><\/a><\/p>\n<p>&nbsp;<\/p>\n<div id=\"attachment_9007\" style=\"width: 926px\" class=\"wp-caption aligncenter\"><a href=\"https:\/\/salalieber.zplusm-staging.de\/wp-content\/uploads\/2018\/02\/FamiliemitFasanen_bearbeitet-1.jpeg\" target=\"_blank\" rel=\"noopener\"><img loading=\"lazy\" decoding=\"async\" aria-describedby=\"caption-attachment-9007\" class=\"wp-image-9007\" src=\"https:\/\/salalieber.zplusm-staging.de\/wp-content\/uploads\/2018\/02\/FamiliemitFasanen_bearbeitet-1-227x300.jpeg\" alt=\"\" width=\"916\" height=\"1211\" srcset=\"https:\/\/salalieber.com\/wp-content\/uploads\/2018\/02\/FamiliemitFasanen_bearbeitet-1-227x300.jpeg 227w, https:\/\/salalieber.com\/wp-content\/uploads\/2018\/02\/FamiliemitFasanen_bearbeitet-1-scaled-600x793.jpeg 600w, https:\/\/salalieber.com\/wp-content\/uploads\/2018\/02\/FamiliemitFasanen_bearbeitet-1-774x1024.jpeg 774w, https:\/\/salalieber.com\/wp-content\/uploads\/2018\/02\/FamiliemitFasanen_bearbeitet-1-768x1016.jpeg 768w, https:\/\/salalieber.com\/wp-content\/uploads\/2018\/02\/FamiliemitFasanen_bearbeitet-1-1162x1536.jpeg 1162w, https:\/\/salalieber.com\/wp-content\/uploads\/2018\/02\/FamiliemitFasanen_bearbeitet-1-1549x2048.jpeg 1549w\" sizes=\"auto, (max-width: 916px) 100vw, 916px\" \/><\/a><p id=\"caption-attachment-9007\" class=\"wp-caption-text\">Sala Lieber | Fasanenteppich | 2012 | \u00d6l auf Leinwand | 150 cm x 195 cm<\/p><\/div>","protected":false},"excerpt":{"rendered":"<p>In Gegen\u00fcberstellung mit alten Meistern pr\u00e4sentieren Sala Lieber und weitere K\u00fcnstler ab Juli ihre Werke auf dem Museumsberg Flensburg. Die Ausstellungser\u00f6ffnung findet am 01.07.2018 statt. https:\/\/www.museumsberg-flensburg.de\/ &nbsp; &nbsp;<\/p>","protected":false},"author":3,"featured_media":9036,"comment_status":"closed","ping_status":"open","sticky":false,"template":"","format":"standard","meta":{"footnotes":""},"categories":[255,1],"tags":[],"class_list":["post-9032","post","type-post","status-publish","format-standard","has-post-thumbnail","hentry","category-ausstellungen","category-nicht-kategorisiert"],"_links":{"self":[{"href":"https:\/\/salalieber.com\/en\/wp-json\/wp\/v2\/posts\/9032","targetHints":{"allow":["GET"]}}],"collection":[{"href":"https:\/\/salalieber.com\/en\/wp-json\/wp\/v2\/posts"}],"about":[{"href":"https:\/\/salalieber.com\/en\/wp-json\/wp\/v2\/types\/post"}],"author":[{"embeddable":true,"href":"https:\/\/salalieber.com\/en\/wp-json\/wp\/v2\/users\/3"}],"replies":[{"embeddable":true,"href":"https:\/\/salalieber.com\/en\/wp-json\/wp\/v2\/comments?post=9032"}],"version-history":[{"count":11,"href":"https:\/\/salalieber.com\/en\/wp-json\/wp\/v2\/posts\/9032\/revisions"}],"predecessor-version":[{"id":9070,"href":"https:\/\/salalieber.com\/en\/wp-json\/wp\/v2\/posts\/9032\/revisions\/9070"}],"wp:featuredmedia":[{"embeddable":true,"href":"https:\/\/salalieber.com\/en\/wp-json\/wp\/v2\/media\/9036"}],"wp:attachment":[{"href":"https:\/\/salalieber.com\/en\/wp-json\/wp\/v2\/media?parent=9032"}],"wp:term":[{"taxonomy":"category","embeddable":true,"href":"https:\/\/salalieber.com\/en\/wp-json\/wp\/v2\/categories?post=9032"},{"taxonomy":"post_tag","embeddable":true,"href":"https:\/\/salalieber.com\/en\/wp-json\/wp\/v2\/tags?post=9032"}],"curies":[{"name":"wp","href":"https:\/\/api.w.org\/{rel}","templated":true}]}}