{"id":8925,"date":"2017-11-28T15:32:02","date_gmt":"2017-11-28T14:32:02","guid":{"rendered":"http:\/\/relaunch.salalieber.com\/?p=8925"},"modified":"2017-11-28T15:35:39","modified_gmt":"2017-11-28T14:35:39","slug":"katalog-zwischen-barock-und-rokoko","status":"publish","type":"post","link":"https:\/\/salalieber.com\/en\/katalog-zwischen-barock-und-rokoko\/","title":{"rendered":"Katalog &#8216;Zwischen Barock und Rokoko&#8217;"},"content":{"rendered":"<p><span id=\"fbPhotoSnowliftCaption\" class=\"fbPhotosPhotoCaption\" tabindex=\"0\" aria-live=\"polite\" data-ft=\"{&quot;tn&quot;:&quot;K&quot;}\"><span class=\"hasCaption\">Katalog mit aktuellen Werken von Sala Lieber, erh\u00e4ltlich in der Buchhandlung Walther K\u00f6nig in D\u00fcsseldorf.<br \/>\n<\/span><\/span><span id=\"fbPhotoSnowliftCaption\" class=\"fbPhotosPhotoCaption\" tabindex=\"0\" aria-live=\"polite\" data-ft=\"{&quot;tn&quot;:&quot;K&quot;}\"><span class=\"hasCaption\"> 73 Seiten mit 36 Abbildungen, 21 x 28 cm, gedruckt Ende 2016<br \/>\n<\/span><\/span><br \/>\n<span id=\"fbPhotoSnowliftCaption\" class=\"fbPhotosPhotoCaption\" tabindex=\"0\" aria-live=\"polite\" data-ft=\"{&quot;tn&quot;:&quot;K&quot;}\"><\/span><span id=\"fbPhotoSnowliftCaption\" class=\"fbPhotosPhotoCaption\" tabindex=\"0\" aria-live=\"polite\" data-ft=\"{&quot;tn&quot;:&quot;K&quot;}\"><span class=\"hasCaption\"> Photographin <a href=\"https:\/\/www.facebook.com\/PatriciaWaltherPhotographie\/\" rel=\"nofollow noopener\" target=\"_blank\">https:\/\/www.facebook.com\/<wbr \/>PatriciaWaltherPhotographie<wbr \/>\/<\/a><\/span><\/span><\/p>\n<p><span id=\"fbPhotoSnowliftCaption\" class=\"fbPhotosPhotoCaption\" tabindex=\"0\" aria-live=\"polite\" data-ft=\"{&quot;tn&quot;:&quot;K&quot;}\"><span class=\"hasCaption\"> <a href=\"http:\/\/relaunch.salalieber.com\/wp-content\/uploads\/2017\/11\/SalaLieberKatalog2016_001.jpg\"><img loading=\"lazy\" decoding=\"async\" class=\"aligncenter wp-image-8928 size-large\" src=\"http:\/\/relaunch.salalieber.com\/wp-content\/uploads\/2017\/11\/SalaLieberKatalog2016_001-682x1024.jpg\" alt=\"\" width=\"682\" height=\"1024\" srcset=\"https:\/\/salalieber.com\/wp-content\/uploads\/2017\/11\/SalaLieberKatalog2016_001-682x1024.jpg 682w, https:\/\/salalieber.com\/wp-content\/uploads\/2017\/11\/SalaLieberKatalog2016_001-scaled-600x900.jpg 600w, https:\/\/salalieber.com\/wp-content\/uploads\/2017\/11\/SalaLieberKatalog2016_001-200x300.jpg 200w, https:\/\/salalieber.com\/wp-content\/uploads\/2017\/11\/SalaLieberKatalog2016_001-768x1152.jpg 768w, https:\/\/salalieber.com\/wp-content\/uploads\/2017\/11\/SalaLieberKatalog2016_001-1024x1536.jpg 1024w, https:\/\/salalieber.com\/wp-content\/uploads\/2017\/11\/SalaLieberKatalog2016_001-1365x2048.jpg 1365w, https:\/\/salalieber.com\/wp-content\/uploads\/2017\/11\/SalaLieberKatalog2016_001-scaled.jpg 1706w\" sizes=\"auto, (max-width: 682px) 100vw, 682px\" \/><\/a><\/span><\/span><\/p>\n<p>&nbsp;<\/p>\n<p><span style=\"border-radius: 2px; text-indent: 20px; width: auto; padding: 0px 4px 0px 0px; text-align: center; font: bold 11px\/20px 'Helvetica Neue',Helvetica,sans-serif; color: #ffffff; background: #bd081c no-repeat scroll 3px 50% \/ 14px 14px; position: absolute; opacity: 1; z-index: 8675309; display: none; cursor: pointer;\">Save<\/span><\/p>\n<p><span style=\"border-radius: 2px; text-indent: 20px; width: auto; padding: 0px 4px 0px 0px; text-align: center; font: bold 11px\/20px 'Helvetica Neue',Helvetica,sans-serif; color: #ffffff; background: #bd081c no-repeat scroll 3px 50% \/ 14px 14px; position: absolute; opacity: 1; z-index: 8675309; display: none; cursor: pointer; top: 603px; left: 67px;\">Save<\/span><\/p>\n<p><span style=\"border-radius: 2px; text-indent: 20px; width: auto; padding: 0px 4px 0px 0px; text-align: center; font: bold 11px\/20px 'Helvetica Neue',Helvetica,sans-serif; color: #ffffff; background: #bd081c  no-repeat scroll 3px 50% \/ 14px 14px; position: absolute; opacity: 1; z-index: 8675309; display: none; cursor: pointer; top: 148px; left: 67px;\">Save<\/span><\/p>","protected":false},"excerpt":{"rendered":"<p>Katalog mit aktuellen Werken von Sala Lieber, erh\u00e4ltlich in der Buchhandlung Walther K\u00f6nig in D\u00fcsseldorf. 73 Seiten mit 36 Abbildungen, 21 x 28 cm, gedruckt Ende 2016 Photographin https:\/\/www.facebook.com\/PatriciaWaltherPhotographie\/ &nbsp; Save Save Save<\/p>","protected":false},"author":3,"featured_media":8929,"comment_status":"closed","ping_status":"open","sticky":false,"template":"","format":"standard","meta":{"footnotes":""},"categories":[249,1],"tags":[],"class_list":["post-8925","post","type-post","status-publish","format-standard","has-post-thumbnail","hentry","category-buecher","category-nicht-kategorisiert"],"_links":{"self":[{"href":"https:\/\/salalieber.com\/en\/wp-json\/wp\/v2\/posts\/8925","targetHints":{"allow":["GET"]}}],"collection":[{"href":"https:\/\/salalieber.com\/en\/wp-json\/wp\/v2\/posts"}],"about":[{"href":"https:\/\/salalieber.com\/en\/wp-json\/wp\/v2\/types\/post"}],"author":[{"embeddable":true,"href":"https:\/\/salalieber.com\/en\/wp-json\/wp\/v2\/users\/3"}],"replies":[{"embeddable":true,"href":"https:\/\/salalieber.com\/en\/wp-json\/wp\/v2\/comments?post=8925"}],"version-history":[{"count":5,"href":"https:\/\/salalieber.com\/en\/wp-json\/wp\/v2\/posts\/8925\/revisions"}],"predecessor-version":[{"id":8934,"href":"https:\/\/salalieber.com\/en\/wp-json\/wp\/v2\/posts\/8925\/revisions\/8934"}],"wp:featuredmedia":[{"embeddable":true,"href":"https:\/\/salalieber.com\/en\/wp-json\/wp\/v2\/media\/8929"}],"wp:attachment":[{"href":"https:\/\/salalieber.com\/en\/wp-json\/wp\/v2\/media?parent=8925"}],"wp:term":[{"taxonomy":"category","embeddable":true,"href":"https:\/\/salalieber.com\/en\/wp-json\/wp\/v2\/categories?post=8925"},{"taxonomy":"post_tag","embeddable":true,"href":"https:\/\/salalieber.com\/en\/wp-json\/wp\/v2\/tags?post=8925"}],"curies":[{"name":"wp","href":"https:\/\/api.w.org\/{rel}","templated":true}]}}